{"id":2539,"date":"2025-12-19T21:35:23","date_gmt":"2025-12-19T20:35:23","guid":{"rendered":"https:\/\/www.judo-jujutsu-diepholz.de\/?p=2539"},"modified":"2025-12-19T21:35:24","modified_gmt":"2025-12-19T20:35:24","slug":"ehrung-der-ranglistenteilnehmer-2025","status":"publish","type":"post","link":"https:\/\/www.judo-jujutsu-diepholz.de\/?p=2539","title":{"rendered":"Ehrung der Ranglistenteilnehmer 2025"},"content":{"rendered":"\n<p>Zum dritten Mal wurde im Laufe diesen Jahres im Kreisfachverband Diepholz eine Kreisrangliste gef\u00fchrt. F\u00fcr die Kreisrangliste konnten durch die Teilnahme und Platzierung bei den drei im Kreisfachverband Diepholz durchgef\u00fchrten Turnieren und bei den Sonderveranstaltungen Kreisrandori und Kreisjudosafari Punkte gesammelt werden. Die Ehrungen f\u00fchrte Yannik Schwarz durch. F\u00fcr den dritten Platz gab es eine Medaillie, f\u00fcr den zweiten Platz einen kleinen Pokal in Silber und f\u00fcr den ersten Platz gab es einen Pokal in Gold. &nbsp;<\/p>\n\n\n\n<p>In der U9w erreichte\u00a0Maria Galecka mit 16 Punkten den 2. Platz<br><br>in der U11w Pauline Zielske mit 34 Punkten den 1. Platz, Dora Krohne mit 30 Punkten den 2. Platz<\/p>\n\n\n\n<p>                                                               Angelin Zielske mit 28 Punkten den 3. Platz<\/p>\n\n\n\n<p>In der U11m erreichte Malik Tamr mit 35 Punkten den 2. Platz<\/p>\n\n\n\n<p>In der U13w erreichte\u00a0Josephine Heidenmann mit 12 Punkten den 3. Platz und<br>Anastazja Jurczenko mit 12 Punkten den 3. Platz<\/p>\n\n\n\n<p>Au\u00dferdem erreichte Markus Seeser in der U9m 6 Punkte.<\/p>\n\n\n\n<p>In der U11w erreichte Sophie Kaffka 23 Punkte und Anna M\u00fchlbeier 20 Punkte.<\/p>\n\n\n\n<p>In der U11 m erreichte Luis Marx 15 Punkte, Tamme Rother 15 Punkte, Emilian Fischer 15 Punkte,<br>Ometh Kodagoda 5 Punkte, Simon Klapprott 5 Punkte und Till W\u00fcnsch 5 Punkte.<\/p>\n\n\n\n<p>In der U13m erreichte Ahmad Husein 29 Punkte und Jonas Ceh 15 Punkte.<\/p>\n\n\n\n<p>In der U15w erreichte Lara Bilsing 17 Punkte.<\/p>\n\n\n\n<p>In der U15m erreichte Reyk Lemke 14 Punkte und Yannis Meyer 11 Punkte.<\/p>\n\n\n\n<p>Nach der Ranglistenehrung stellten sich alle Teilnehmer zum Gruppenfoto auf. Auf dem Foto fehlen Lara Bilsing und Anastazia Jurczenko.<\/p>\n\n\n\n<p>Wir gratulieren allen Teilnehmern der Judorangliste<\/p>\n\n\n\n<figure class=\"wp-block-image size-large\"><a href=\"https:\/\/www.judo-jujutsu-diepholz.de\/wpress\/wp-content\/uploads\/2025\/12\/ranglisten-sieger-2025.jpg\"><img loading=\"lazy\" decoding=\"async\" width=\"1024\" height=\"624\" src=\"https:\/\/www.judo-jujutsu-diepholz.de\/wpress\/wp-content\/uploads\/2025\/12\/ranglisten-sieger-2025-1024x624.jpg\" alt=\"\" class=\"wp-image-2538\" srcset=\"https:\/\/www.judo-jujutsu-diepholz.de\/wpress\/wp-content\/uploads\/2025\/12\/ranglisten-sieger-2025-1024x624.jpg 1024w, https:\/\/www.judo-jujutsu-diepholz.de\/wpress\/wp-content\/uploads\/2025\/12\/ranglisten-sieger-2025-300x183.jpg 300w, https:\/\/www.judo-jujutsu-diepholz.de\/wpress\/wp-content\/uploads\/2025\/12\/ranglisten-sieger-2025-768x468.jpg 768w, https:\/\/www.judo-jujutsu-diepholz.de\/wpress\/wp-content\/uploads\/2025\/12\/ranglisten-sieger-2025-750x457.jpg 750w, https:\/\/www.judo-jujutsu-diepholz.de\/wpress\/wp-content\/uploads\/2025\/12\/ranglisten-sieger-2025.jpg 1457w\" sizes=\"(max-width: 1024px) 100vw, 1024px\" \/><\/a><\/figure>\n","protected":false},"excerpt":{"rendered":"<p>Zum dritten Mal wurde im Laufe diesen Jahres im Kreisfachverband Diepholz eine Kreisrangliste gef\u00fchrt. F\u00fcr die Kreisrangliste konnten durch die Teilnahme und Platzierung bei den drei im Kreisfachverband Diepholz durchgef\u00fchrten Turnieren und bei den Sonderveranstaltungen Kreisrandori und Kreisjudosafari Punkte gesammelt werden. Die Ehrungen f\u00fchrte Yannik Schwarz durch. F\u00fcr den dritten Platz gab es eine Medaillie, &hellip; <\/p>\n<p><a class=\"more-link btn\" href=\"https:\/\/www.judo-jujutsu-diepholz.de\/?p=2539\">Weiterlesen<\/a><\/p>\n","protected":false},"author":9,"featured_media":0,"comment_status":"closed","ping_status":"open","sticky":false,"template":"","format":"standard","meta":{"footnotes":""},"categories":[1],"tags":[],"_links":{"self":[{"href":"https:\/\/www.judo-jujutsu-diepholz.de\/index.php?rest_route=\/wp\/v2\/posts\/2539"}],"collection":[{"href":"https:\/\/www.judo-jujutsu-diepholz.de\/index.php?rest_route=\/wp\/v2\/posts"}],"about":[{"href":"https:\/\/www.judo-jujutsu-diepholz.de\/index.php?rest_route=\/wp\/v2\/types\/post"}],"author":[{"embeddable":true,"href":"https:\/\/www.judo-jujutsu-diepholz.de\/index.php?rest_route=\/wp\/v2\/users\/9"}],"replies":[{"embeddable":true,"href":"https:\/\/www.judo-jujutsu-diepholz.de\/index.php?rest_route=%2Fwp%2Fv2%2Fcomments&post=2539"}],"version-history":[{"count":4,"href":"https:\/\/www.judo-jujutsu-diepholz.de\/index.php?rest_route=\/wp\/v2\/posts\/2539\/revisions"}],"predecessor-version":[{"id":2543,"href":"https:\/\/www.judo-jujutsu-diepholz.de\/index.php?rest_route=\/wp\/v2\/posts\/2539\/revisions\/2543"}],"wp:attachment":[{"href":"https:\/\/www.judo-jujutsu-diepholz.de\/index.php?rest_route=%2Fwp%2Fv2%2Fmedia&parent=2539"}],"wp:term":[{"taxonomy":"category","embeddable":true,"href":"https:\/\/www.judo-jujutsu-diepholz.de\/index.php?rest_route=%2Fwp%2Fv2%2Fcategories&post=2539"},{"taxonomy":"post_tag","embeddable":true,"href":"https:\/\/www.judo-jujutsu-diepholz.de\/index.php?rest_route=%2Fwp%2Fv2%2Ftags&post=2539"}],"curies":[{"name":"wp","href":"https:\/\/api.w.org\/{rel}","templated":true}]}}