{"id":2059,"date":"2018-12-29T21:50:11","date_gmt":"2018-12-29T20:50:11","guid":{"rendered":"http:\/\/judo-jujutsu-diepholz.de\/?p=2059"},"modified":"2019-01-04T17:50:04","modified_gmt":"2019-01-04T16:50:04","slug":"verabschiedung-von-dietrich-dieter-werner","status":"publish","type":"post","link":"https:\/\/www.judo-jujutsu-diepholz.de\/?p=2059","title":{"rendered":"Verabschiedung von Dietrich (Dieter) Werner"},"content":{"rendered":"<p>Die Verabschiedung von Dieter Werner (III DAN) fand standesgem\u00e4\u00df auf der Judomatte statt.<br \/>\nViele Weggef\u00e4hrten aus den umliegenden Vereinen und ehemalige Judotrainer fanden den Weg auf die Matte.<br \/>\nHier der spektakul\u00e4re Werdegang von Dieter Werner im Judo und JuJutsu in Stichpunkten:<br \/>\n1967 hat Dieter in Barnstorf mit Judo begonnen<br \/>\n1973 hat Dieter nach Diepholz gewechselt und mit Felix Sch\u00e4fer und Giesela Haar die Judo Sparte aufgebaut.<br \/>\nAlso 45 Jahre SG Diepholz in der Abteilung Judo<br \/>\nIn dieser Zeit hat Dieter hunderten wenn nicht sogar tausenden von Kindern Judo auf eindrucksvolle Weise beigebracht. \u00dcber Generationen in manchen Familien.<br \/>\nDieter war erfolgreicher Wettk\u00e4mpfer auf Kreis \u2013 und Bezirksebene und in der \u201eKreiskampfgemeinschaft Diepholz \u201e in der Landesliga. Er war im Bodenkampf kaum zu schlagen.<br \/>\nEr war lizensierter \u00dcbungsleiter , Pr\u00fcfer und Kreiskampfrichter.<br \/>\n1978 hat Dieter mit Wilhelm Henke die JuJutsu Gruppe aufgebaut.<br \/>\nDieter hat den 3.DAN (Schwarzgurt) im Judo und im JuJutsu den 1.Kyu (Braungurt)<br \/>\nWir danken Dieter f\u00fcr seinen unerm\u00fcdlichen Einsatz \u00fcber so viele Jahre\/Jahrzehnte in der Judo\/JuJutsu Abteilung<br \/>\nNachfolgend einige Impressionen von der Verabschiedung:<\/p>\n<p><a href=\"https:\/\/judo-jujutsu-diepholz.de\/wpress\/wp-content\/uploads\/2018\/12\/Verabschiedung-Dieter-Judo-2018-38-von-47.jpg\"><img loading=\"lazy\" decoding=\"async\" class=\"aligncenter wp-image-2047 size-large\" src=\"https:\/\/judo-jujutsu-diepholz.de\/wpress\/wp-content\/uploads\/2018\/12\/Verabschiedung-Dieter-Judo-2018-38-von-47-1024x768.jpg\" alt=\"\" width=\"750\" height=\"563\" srcset=\"https:\/\/www.judo-jujutsu-diepholz.de\/wpress\/wp-content\/uploads\/2018\/12\/Verabschiedung-Dieter-Judo-2018-38-von-47-1024x768.jpg 1024w, https:\/\/www.judo-jujutsu-diepholz.de\/wpress\/wp-content\/uploads\/2018\/12\/Verabschiedung-Dieter-Judo-2018-38-von-47-300x225.jpg 300w, https:\/\/www.judo-jujutsu-diepholz.de\/wpress\/wp-content\/uploads\/2018\/12\/Verabschiedung-Dieter-Judo-2018-38-von-47-768x576.jpg 768w\" sizes=\"(max-width: 750px) 100vw, 750px\" \/><\/a><a href=\"https:\/\/judo-jujutsu-diepholz.de\/wpress\/wp-content\/uploads\/2018\/12\/Verabschiedung-Dieter-Judo-2018-11-von-47.jpg\"><img loading=\"lazy\" decoding=\"async\" class=\"alignleft wp-image-2019\" src=\"https:\/\/judo-jujutsu-diepholz.de\/wpress\/wp-content\/uploads\/2018\/12\/Verabschiedung-Dieter-Judo-2018-11-von-47-300x225.jpg\" alt=\"\" width=\"336\" height=\"252\" srcset=\"https:\/\/www.judo-jujutsu-diepholz.de\/wpress\/wp-content\/uploads\/2018\/12\/Verabschiedung-Dieter-Judo-2018-11-von-47-300x225.jpg 300w, https:\/\/www.judo-jujutsu-diepholz.de\/wpress\/wp-content\/uploads\/2018\/12\/Verabschiedung-Dieter-Judo-2018-11-von-47-768x576.jpg 768w, https:\/\/www.judo-jujutsu-diepholz.de\/wpress\/wp-content\/uploads\/2018\/12\/Verabschiedung-Dieter-Judo-2018-11-von-47-1024x768.jpg 1024w\" sizes=\"(max-width: 336px) 100vw, 336px\" \/><\/a> <a href=\"https:\/\/judo-jujutsu-diepholz.de\/wpress\/wp-content\/uploads\/2018\/12\/Verabschiedung-Dieter-Judo-2018-5-von-47.jpg\"><img loading=\"lazy\" decoding=\"async\" class=\"aligncenter wp-image-2013\" src=\"https:\/\/judo-jujutsu-diepholz.de\/wpress\/wp-content\/uploads\/2018\/12\/Verabschiedung-Dieter-Judo-2018-5-von-47-300x225.jpg\" alt=\"\" width=\"339\" height=\"254\" srcset=\"https:\/\/www.judo-jujutsu-diepholz.de\/wpress\/wp-content\/uploads\/2018\/12\/Verabschiedung-Dieter-Judo-2018-5-von-47-300x225.jpg 300w, https:\/\/www.judo-jujutsu-diepholz.de\/wpress\/wp-content\/uploads\/2018\/12\/Verabschiedung-Dieter-Judo-2018-5-von-47-768x576.jpg 768w, https:\/\/www.judo-jujutsu-diepholz.de\/wpress\/wp-content\/uploads\/2018\/12\/Verabschiedung-Dieter-Judo-2018-5-von-47-1024x768.jpg 1024w\" sizes=\"(max-width: 339px) 100vw, 339px\" \/><\/a><a href=\"https:\/\/judo-jujutsu-diepholz.de\/wpress\/wp-content\/uploads\/2018\/12\/Verabschiedung-Dieter-Judo-2018-12-von-47.jpg\"><img loading=\"lazy\" decoding=\"async\" class=\"alignleft wp-image-2020 \" src=\"https:\/\/judo-jujutsu-diepholz.de\/wpress\/wp-content\/uploads\/2018\/12\/Verabschiedung-Dieter-Judo-2018-12-von-47-300x225.jpg\" alt=\"\" width=\"347\" height=\"260\" srcset=\"https:\/\/www.judo-jujutsu-diepholz.de\/wpress\/wp-content\/uploads\/2018\/12\/Verabschiedung-Dieter-Judo-2018-12-von-47-300x225.jpg 300w, https:\/\/www.judo-jujutsu-diepholz.de\/wpress\/wp-content\/uploads\/2018\/12\/Verabschiedung-Dieter-Judo-2018-12-von-47-768x576.jpg 768w, https:\/\/www.judo-jujutsu-diepholz.de\/wpress\/wp-content\/uploads\/2018\/12\/Verabschiedung-Dieter-Judo-2018-12-von-47-1024x768.jpg 1024w\" sizes=\"(max-width: 347px) 100vw, 347px\" \/><\/a> <a href=\"https:\/\/judo-jujutsu-diepholz.de\/wpress\/wp-content\/uploads\/2018\/12\/Verabschiedung-Dieter-Judo-2018-41-von-47.jpg\"><img loading=\"lazy\" decoding=\"async\" class=\"alignright wp-image-2050 \" src=\"https:\/\/judo-jujutsu-diepholz.de\/wpress\/wp-content\/uploads\/2018\/12\/Verabschiedung-Dieter-Judo-2018-41-von-47-300x225.jpg\" alt=\"\" width=\"371\" height=\"278\" srcset=\"https:\/\/www.judo-jujutsu-diepholz.de\/wpress\/wp-content\/uploads\/2018\/12\/Verabschiedung-Dieter-Judo-2018-41-von-47-300x225.jpg 300w, https:\/\/www.judo-jujutsu-diepholz.de\/wpress\/wp-content\/uploads\/2018\/12\/Verabschiedung-Dieter-Judo-2018-41-von-47-768x576.jpg 768w, https:\/\/www.judo-jujutsu-diepholz.de\/wpress\/wp-content\/uploads\/2018\/12\/Verabschiedung-Dieter-Judo-2018-41-von-47-1024x768.jpg 1024w\" sizes=\"(max-width: 371px) 100vw, 371px\" \/><\/a><\/p>\n<p>&nbsp;<\/p>\n<p><a href=\"https:\/\/judo-jujutsu-diepholz.de\/wpress\/wp-content\/uploads\/2018\/12\/Verabschiedung-Dieter-Judo-2018-25-von-47-1.jpg\"><img loading=\"lazy\" decoding=\"async\" class=\"alignleft wp-image-2034\" src=\"https:\/\/judo-jujutsu-diepholz.de\/wpress\/wp-content\/uploads\/2018\/12\/Verabschiedung-Dieter-Judo-2018-25-von-47-1-225x300.jpg\" alt=\"\" width=\"311\" height=\"415\" srcset=\"https:\/\/www.judo-jujutsu-diepholz.de\/wpress\/wp-content\/uploads\/2018\/12\/Verabschiedung-Dieter-Judo-2018-25-von-47-1-225x300.jpg 225w, https:\/\/www.judo-jujutsu-diepholz.de\/wpress\/wp-content\/uploads\/2018\/12\/Verabschiedung-Dieter-Judo-2018-25-von-47-1-768x1024.jpg 768w\" sizes=\"(max-width: 311px) 100vw, 311px\" \/><\/a><\/p>\n<p>&nbsp;<\/p>\n","protected":false},"excerpt":{"rendered":"<p>Die Verabschiedung von Dieter Werner (III DAN) fand standesgem\u00e4\u00df auf der Judomatte statt. Viele Weggef\u00e4hrten aus den umliegenden Vereinen und ehemalige Judotrainer fanden den Weg auf die Matte. Hier der spektakul\u00e4re Werdegang von Dieter Werner im Judo und JuJutsu in Stichpunkten: 1967 hat Dieter in Barnstorf mit Judo begonnen 1973 hat Dieter nach Diepholz gewechselt &hellip; <\/p>\n<p><a class=\"more-link btn\" href=\"https:\/\/www.judo-jujutsu-diepholz.de\/?p=2059\">Weiterlesen<\/a><\/p>\n","protected":false},"author":9,"featured_media":0,"comment_status":"closed","ping_status":"open","sticky":false,"template":"","format":"standard","meta":{"footnotes":""},"categories":[1],"tags":[],"_links":{"self":[{"href":"https:\/\/www.judo-jujutsu-diepholz.de\/index.php?rest_route=\/wp\/v2\/posts\/2059"}],"collection":[{"href":"https:\/\/www.judo-jujutsu-diepholz.de\/index.php?rest_route=\/wp\/v2\/posts"}],"about":[{"href":"https:\/\/www.judo-jujutsu-diepholz.de\/index.php?rest_route=\/wp\/v2\/types\/post"}],"author":[{"embeddable":true,"href":"https:\/\/www.judo-jujutsu-diepholz.de\/index.php?rest_route=\/wp\/v2\/users\/9"}],"replies":[{"embeddable":true,"href":"https:\/\/www.judo-jujutsu-diepholz.de\/index.php?rest_route=%2Fwp%2Fv2%2Fcomments&post=2059"}],"version-history":[{"count":3,"href":"https:\/\/www.judo-jujutsu-diepholz.de\/index.php?rest_route=\/wp\/v2\/posts\/2059\/revisions"}],"predecessor-version":[{"id":2062,"href":"https:\/\/www.judo-jujutsu-diepholz.de\/index.php?rest_route=\/wp\/v2\/posts\/2059\/revisions\/2062"}],"wp:attachment":[{"href":"https:\/\/www.judo-jujutsu-diepholz.de\/index.php?rest_route=%2Fwp%2Fv2%2Fmedia&parent=2059"}],"wp:term":[{"taxonomy":"category","embeddable":true,"href":"https:\/\/www.judo-jujutsu-diepholz.de\/index.php?rest_route=%2Fwp%2Fv2%2Fcategories&post=2059"},{"taxonomy":"post_tag","embeddable":true,"href":"https:\/\/www.judo-jujutsu-diepholz.de\/index.php?rest_route=%2Fwp%2Fv2%2Ftags&post=2059"}],"curies":[{"name":"wp","href":"https:\/\/api.w.org\/{rel}","templated":true}]}}